{"id":1048,"date":"2021-03-01T13:57:52","date_gmt":"2021-03-01T13:57:52","guid":{"rendered":"https:\/\/www.wbcfay.org\/?p=1048"},"modified":"2021-04-08T18:28:48","modified_gmt":"2021-04-08T18:28:48","slug":"masks-on-hair-done-how-a-salon-survived-lockdown","status":"publish","type":"post","link":"https:\/\/www.wbcfay.org\/es\/masks-on-hair-done-how-a-salon-survived-lockdown\/","title":{"rendered":"M\u00e1scaras puestas, peinado: c\u00f3mo un sal\u00f3n sobrevivi\u00f3 al cierre"},"content":{"rendered":"<br \/><iframe loading=\"lazy\" style=\"display:block;\"  src=\"\/\/html5-player.libsyn.com\/embed\/episode\/id\/18107315\/height\/100\/width\/\/thumbnail\/yes\/render-playlist\/no\/theme\/custom\/tdest_id\/2339717\/custom-color\/87A93A\" height=\"100\" width=\"100%\" scrolling=\"no\" 1=\"webkitallowfullscreen\" 2=\"mozallowfullscreen\" 3=\"oallowfullscreen\" 4=\"msallowfullscreen\" class=\"podcast-class\" frameborder=\"0\" placement=\"bottom\" theme=\"custom\" custom_color=\"75942D\"><\/iframe>\n<p>Peinarse es un asunto personal, cara a cara. Te sientas en la silla giratoria y el estilista hace una obra maestra con la fregona en tu cabeza con la que entraste ... o al menos te quita el flequillo de los ojos. Y mientras est\u00e9 all\u00ed, puede compartir m\u00e1s con ellos sobre las luchas de su relaci\u00f3n o el estr\u00e9s laboral que con cualquier otra persona que solo vea cada seis u ocho semanas. Pero en una pandemia, esa sensaci\u00f3n \u00edntima de visitar a su estilista se ha vuelto mucho m\u00e1s dif\u00edcil. \u00bfC\u00f3mo puede un servicio tan cercano y personal sobrevivir a un bloqueo? En este episodio, escuchamos c\u00f3mo<strong> Joshua Gray-Heim<\/strong> de <a href=\"https:\/\/www.jcosalonnc.com\/\" target=\"_blank\" rel=\"noopener noreferrer\"><strong>Sal\u00f3n J.Co<\/strong> <\/a>y Blow-Dry Bar est\u00e1 navegando por la pandemia de COVID-19.<\/p>\n<p><a href=\"http:\/\/destinationsuccess.libsyn.com\/masks-on-hair-done-how-a-salon-survived-lockdown?tdest_id=2339717\">\u00a1Mira este episodio!<\/a><\/p>","protected":false},"excerpt":{"rendered":"<p>Peinarse es un asunto personal, cara a cara. Te sientas en la silla giratoria y el estilista hace una obra maestra con el trapeador en tu cabeza con el que entraste\u2026 o al menos te quita el flequillo de los ojos. Y mientras est\u00e9 all\u00ed, puede compartir m\u00e1s con ellos sobre sus luchas en las relaciones o el estr\u00e9s laboral que con cualquier otra persona que solo vea cada seis u ocho semanas. Pero en una pandemia, esa sensaci\u00f3n \u00edntima de visitar a su estilista se ha vuelto mucho m\u00e1s dif\u00edcil. \u00bfC\u00f3mo puede un servicio tan cercano y personal sobrevivir a un bloqueo? En este episodio, escuchamos c\u00f3mo Joshua Gray-Heim de J.Co Salon y Blow-Dry Bar est\u00e1 navegando por la pandemia de COVID-19. \u00a1Mira este episodio!<\/p>","protected":false},"author":2,"featured_media":1050,"comment_status":"closed","ping_status":"closed","sticky":false,"template":"","format":"standard","meta":{"give_campaign_id":0,"libsyn-item-id":0,"libsyn-show-id":0,"libsyn-post-error":"","libsyn-post-error_post-type":"","libsyn-post-error_post-permissions":"","libsyn-post-error_api":"","playlist-podcast-url":"","libsyn-episode-thumbnail":"","libsyn-episode-widescreen_image":"","libsyn-episode-blog_image":"","libsyn-episode-background_image":"","libsyn-post-episode-category-selection":"","libsyn-post-episode-player_use_thumbnail":"","libsyn-post-episode-player_use_theme":"","libsyn-post-episode-player_height":"","libsyn-post-episode-player_width":"","libsyn-post-episode-player_placement":"","libsyn-post-episode-player_use_download_link":"","libsyn-post-episode-player_use_download_link_text":"","libsyn-post-episode-player_custom_color":"","libsyn-post-episode-itunes-explicit":"","libsyn-post-episode":"","libsyn-post-episode-update-id3":"","libsyn-post-episode-release-date":"","libsyn-post-episode-simple-download":"","libsyn-release-date":"","libsyn-post-update-release-date":"","libsyn-is_draft":"","libsyn-new-media-media":"","libsyn-post-episode-subtitle":"","libsyn-new-media-image":"","libsyn-post-episode-keywords":"","libsyn-post-itunes":"","libsyn-post-episode-itunes-episode-number":"","libsyn-post-episode-itunes-season-number":"","libsyn-post-episode-itunes-episode-type":"","libsyn-post-episode-itunes-episode-title":"","libsyn-post-episode-itunes-episode-author":"","libsyn-destination-releases":"","libsyn-post-episode-advanced-destination-form-data":"","libsyn-post-episode-advanced-destination-form-data-enabled":"","libsyn-post-episode-advanced-destination-form-data-input-enabled":false,"libsyn-post-episode-premium_state":"","libsyn-episode-shortcode":"","libsyn-episode-embedurl":"","footnotes":""},"categories":[1],"tags":[130,46,126,82,128,129,127],"class_list":["post-1048","post","type-post","status-publish","format-standard","has-post-thumbnail","hentry","category-destination-success-podcast","tag-blow-dry-bar","tag-covid-pivot","tag-covid-19","tag-hair-salon","tag-hair-stylist","tag-j-co-salon","tag-pandemic"],"_links":{"self":[{"href":"https:\/\/www.wbcfay.org\/es\/wp-json\/wp\/v2\/posts\/1048","targetHints":{"allow":["GET"]}}],"collection":[{"href":"https:\/\/www.wbcfay.org\/es\/wp-json\/wp\/v2\/posts"}],"about":[{"href":"https:\/\/www.wbcfay.org\/es\/wp-json\/wp\/v2\/types\/post"}],"author":[{"embeddable":true,"href":"https:\/\/www.wbcfay.org\/es\/wp-json\/wp\/v2\/users\/2"}],"replies":[{"embeddable":true,"href":"https:\/\/www.wbcfay.org\/es\/wp-json\/wp\/v2\/comments?post=1048"}],"version-history":[{"count":0,"href":"https:\/\/www.wbcfay.org\/es\/wp-json\/wp\/v2\/posts\/1048\/revisions"}],"wp:featuredmedia":[{"embeddable":true,"href":"https:\/\/www.wbcfay.org\/es\/wp-json\/wp\/v2\/media\/1050"}],"wp:attachment":[{"href":"https:\/\/www.wbcfay.org\/es\/wp-json\/wp\/v2\/media?parent=1048"}],"wp:term":[{"taxonomy":"category","embeddable":true,"href":"https:\/\/www.wbcfay.org\/es\/wp-json\/wp\/v2\/categories?post=1048"},{"taxonomy":"post_tag","embeddable":true,"href":"https:\/\/www.wbcfay.org\/es\/wp-json\/wp\/v2\/tags?post=1048"}],"curies":[{"name":"wp","href":"https:\/\/api.w.org\/{rel}","templated":true}]}}